{"id":529,"date":"2023-06-23T18:10:16","date_gmt":"2023-06-23T18:10:16","guid":{"rendered":"https:\/\/bigbangnow.com\/es\/basta-de-discriminacion-la-igualdad-es-un-derecho-universal\/"},"modified":"2023-06-23T18:10:16","modified_gmt":"2023-06-23T18:10:16","slug":"basta-de-discriminacion-la-igualdad-es-un-derecho-universal","status":"publish","type":"post","link":"https:\/\/bigbangnow.com\/es\/basta-de-discriminacion-la-igualdad-es-un-derecho-universal\/","title":{"rendered":"\u00a1Basta de discriminaci\u00f3n! La igualdad es un derecho universal"},"content":{"rendered":"<p>\u00a1Basta de discriminaci\u00f3n! La igualdad es un derecho universal<\/p>\n<p>En nuestra sociedad moderna y progresista, nos enfrentamos a un desaf\u00edo a\u00fan persistente: la discriminaci\u00f3n. Si bien hemos logrado avances significativos en la lucha por la igualdad, todav\u00eda existen barreras que necesitamos derribar para construir un mundo m\u00e1s justo y equitativo. En este an\u00e1lisis, abordaremos la importancia de erradicar la discriminaci\u00f3n y la relevancia de la igualdad como un derecho humano fundamental.<\/p>\n<p>La discriminaci\u00f3n se manifiesta en diversas formas y afecta a individuos y grupos con base en caracter\u00edsticas espec\u00edficas, como g\u00e9nero, raza, religi\u00f3n, orientaci\u00f3n sexual, discapacidad e incluso status socioecon\u00f3mico. Esta pr\u00e1ctica discriminatoria no solo limita el pleno desarrollo de las personas que la padecen, sino que tambi\u00e9n obstaculiza el progreso y la cohesi\u00f3n social.<\/p>\n<p>Es fundamental destacar que la igualdad no es solo un ideal abstracto, sino un derecho humano fundamental. La Declaraci\u00f3n Universal de Derechos Humanos, adoptada por las Naciones Unidas en 1948, establece claramente que \u00abtodos los seres humanos nacen libres e iguales en dignidad y derechos\u00bb. Adem\u00e1s, pa\u00edses de todo el mundo han ratificado acuerdos y convenciones internacionales que protegen y promueven la igualdad y la no discriminaci\u00f3n.<\/p>\n<p>A pesar de los avances legales y las pol\u00edticas p\u00fablicas encaminadas a combatir la discriminaci\u00f3n, todav\u00eda estamos lejos de alcanzar una sociedad total y verdaderamente igualitaria. Es responsabilidad de los gobiernos, las organizaciones de la sociedad civil y de cada uno de nosotros trabajar de manera conjunta para superar este desaf\u00edo y garantizar un trato justo para todos los individuos, sin importar qui\u00e9nes sean o a qu\u00e9 grupo pertenezcan.<\/p>\n<p>La discriminaci\u00f3n no solo afecta a aquellos que la sufren directamente, sino que tambi\u00e9n perjudica la salud social y econ\u00f3mica de toda una naci\u00f3n. La exclusi\u00f3n y la falta de oportunidades para ciertos grupos son obst\u00e1culos que frenan el potencial de desarrollo y bienestar de una sociedad en su conjunto. Adem\u00e1s, la discriminaci\u00f3n pone en riesgo uno de los valores m\u00e1s fundamentales de una democracia: la igualdad de oportunidades.<\/p>\n<p>Es fundamental que los medios de comunicaci\u00f3n asuman un papel activo en la erradicaci\u00f3n de la discriminaci\u00f3n y la promoci\u00f3n de la igualdad. A trav\u00e9s de la informaci\u00f3n responsable y precisa, podemos desafiar estereotipos, sensibilizar a la sociedad y fomentar la empat\u00eda. Es importante que los periodistas eviten perpetuar discursos discriminatorios y est\u00e9n comprometidos con un enfoque inclusivo y respetuoso en todas sus coberturas.<\/p>\n<p>Adem\u00e1s, es necesario fortalecer la educaci\u00f3n en igualdad desde las etapas iniciales. La formaci\u00f3n de ni\u00f1os y j\u00f3venes con valores de respeto y tolerancia es fundamental para construir una sociedad m\u00e1s justa y equitativa en el futuro. Las instituciones educativas y los programas gubernamentales deben hacer de la igualdad y la no discriminaci\u00f3n una prioridad en sus agendas.<\/p>\n<p>En conclusi\u00f3n, la discriminaci\u00f3n es un mal que a\u00fan persiste en nuestra sociedad y debemos abordarlo de manera decidida. La igualdad es un derecho humano universal que debe ser protegido y promovido en todos los \u00e1mbitos de la vida. Con esfuerzo conjunto, podremos construir un mundo donde todas las personas tengan igualdad de oportunidades y sean valoradas por su verdadero ser. \u00a1Basta de discriminaci\u00f3n! La igualdad es el camino hacia una sociedad m\u00e1s justa y armoniosa.<\/p>\n<p>Nota express publicada por <a href=\"https:\/\/mediastarpress.com\/\" target=\"_blank\" rel=\"noopener\">MediaStar | Agencia de Medios<\/a>.<\/p>\n","protected":false},"excerpt":{"rendered":"<p>\u00a1Basta de discriminaci\u00f3n! La igualdad es un derecho universal En nuestra sociedad moderna y progresista, nos enfrentamos a un desaf\u00edo a\u00fan persistente: la discriminaci\u00f3n. Si bien hemos logrado avances significativos en la lucha por la igualdad, todav\u00eda existen barreras que necesitamos derribar para construir un mundo m\u00e1s justo y equitativo. En este an\u00e1lisis, abordaremos la [&hellip;]<\/p>\n","protected":false},"author":1,"featured_media":530,"comment_status":"open","ping_status":"open","sticky":false,"template":"","format":"standard","meta":{"inline_featured_image":false,"footnotes":""},"categories":[25],"tags":[],"class_list":{"0":"post-529","1":"post","2":"type-post","3":"status-publish","4":"format-standard","5":"has-post-thumbnail","7":"category-noticias"},"yoast_head":"<!-- This site is optimized with the Yoast SEO plugin v24.1 - https:\/\/yoast.com\/wordpress\/plugins\/seo\/ -->\n<title>\u00a1Basta de discriminaci\u00f3n! La igualdad es un derecho universal<\/title>\n<meta name=\"robots\" content=\"index, follow, max-snippet:-1, max-image-preview:large, max-video-preview:-1\" \/>\n<link rel=\"canonical\" href=\"https:\/\/bigbangnow.com\/es\/basta-de-discriminacion-la-igualdad-es-un-derecho-universal\/\" \/>\n<meta property=\"og:locale\" content=\"es_ES\" \/>\n<meta property=\"og:type\" content=\"article\" \/>\n<meta property=\"og:title\" content=\"\u00a1Basta de discriminaci\u00f3n! La igualdad es un derecho universal\" \/>\n<meta property=\"og:description\" content=\"\u00a1Basta de discriminaci\u00f3n! La igualdad es un derecho universal En nuestra sociedad moderna y progresista, nos enfrentamos a un desaf\u00edo a\u00fan persistente: la discriminaci\u00f3n. Si bien hemos logrado avances significativos en la lucha por la igualdad, todav\u00eda existen barreras que necesitamos derribar para construir un mundo m\u00e1s justo y equitativo. En este an\u00e1lisis, abordaremos la [&hellip;]\" \/>\n<meta property=\"og:url\" content=\"https:\/\/bigbangnow.com\/es\/basta-de-discriminacion-la-igualdad-es-un-derecho-universal\/\" \/>\n<meta property=\"og:site_name\" content=\"bigbangnow\" \/>\n<meta property=\"article:published_time\" content=\"2023-06-23T18:10:16+00:00\" \/>\n<meta property=\"og:image\" content=\"https:\/\/bigbangnow.com\/es\/wp-content\/uploads\/2023\/05\/0-267.jpg\" \/>\n\t<meta property=\"og:image:width\" content=\"1100\" \/>\n\t<meta property=\"og:image:height\" content=\"733\" \/>\n\t<meta property=\"og:image:type\" content=\"image\/jpeg\" \/>\n<meta name=\"author\" content=\"Valeria Catillo\" \/>\n<meta name=\"twitter:card\" content=\"summary_large_image\" \/>\n<meta name=\"twitter:label1\" content=\"Escrito por\" \/>\n\t<meta name=\"twitter:data1\" content=\"Valeria Catillo\" \/>\n\t<meta name=\"twitter:label2\" content=\"Tiempo de lectura\" \/>\n\t<meta name=\"twitter:data2\" content=\"3 minutos\" \/>\n<script type=\"application\/ld+json\" class=\"yoast-schema-graph\">{\"@context\":\"https:\/\/schema.org\",\"@graph\":[{\"@type\":\"WebPage\",\"@id\":\"https:\/\/bigbangnow.com\/es\/basta-de-discriminacion-la-igualdad-es-un-derecho-universal\/\",\"url\":\"https:\/\/bigbangnow.com\/es\/basta-de-discriminacion-la-igualdad-es-un-derecho-universal\/\",\"name\":\"\u00a1Basta de discriminaci\u00f3n! La igualdad es un derecho universal\",\"isPartOf\":{\"@id\":\"https:\/\/bigbangnow.com\/es\/#website\"},\"primaryImageOfPage\":{\"@id\":\"https:\/\/bigbangnow.com\/es\/basta-de-discriminacion-la-igualdad-es-un-derecho-universal\/#primaryimage\"},\"image\":{\"@id\":\"https:\/\/bigbangnow.com\/es\/basta-de-discriminacion-la-igualdad-es-un-derecho-universal\/#primaryimage\"},\"thumbnailUrl\":\"https:\/\/bigbangnow.com\/es\/wp-content\/uploads\/2023\/05\/0-267.jpg\",\"datePublished\":\"2023-06-23T18:10:16+00:00\",\"dateModified\":\"2023-06-23T18:10:16+00:00\",\"author\":{\"@id\":\"https:\/\/bigbangnow.com\/es\/#\/schema\/person\/5fee4dcacf1f99786f059ed390f57c65\"},\"inLanguage\":\"es\",\"potentialAction\":[{\"@type\":\"ReadAction\",\"target\":[\"https:\/\/bigbangnow.com\/es\/basta-de-discriminacion-la-igualdad-es-un-derecho-universal\/\"]}]},{\"@type\":\"ImageObject\",\"inLanguage\":\"es\",\"@id\":\"https:\/\/bigbangnow.com\/es\/basta-de-discriminacion-la-igualdad-es-un-derecho-universal\/#primaryimage\",\"url\":\"https:\/\/bigbangnow.com\/es\/wp-content\/uploads\/2023\/05\/0-267.jpg\",\"contentUrl\":\"https:\/\/bigbangnow.com\/es\/wp-content\/uploads\/2023\/05\/0-267.jpg\",\"width\":1100,\"height\":733},{\"@type\":\"WebSite\",\"@id\":\"https:\/\/bigbangnow.com\/es\/#website\",\"url\":\"https:\/\/bigbangnow.com\/es\/\",\"name\":\"bigbangnow\",\"description\":\"\",\"potentialAction\":[{\"@type\":\"SearchAction\",\"target\":{\"@type\":\"EntryPoint\",\"urlTemplate\":\"https:\/\/bigbangnow.com\/es\/?s={search_term_string}\"},\"query-input\":{\"@type\":\"PropertyValueSpecification\",\"valueRequired\":true,\"valueName\":\"search_term_string\"}}],\"inLanguage\":\"es\"},{\"@type\":\"Person\",\"@id\":\"https:\/\/bigbangnow.com\/es\/#\/schema\/person\/5fee4dcacf1f99786f059ed390f57c65\",\"name\":\"Valeria Catillo\",\"image\":{\"@type\":\"ImageObject\",\"inLanguage\":\"es\",\"@id\":\"https:\/\/bigbangnow.com\/es\/#\/schema\/person\/image\/\",\"url\":\"https:\/\/secure.gravatar.com\/avatar\/1b6716d8318da7cd8a049a1c7b480328?s=96&d=mm&r=g\",\"contentUrl\":\"https:\/\/secure.gravatar.com\/avatar\/1b6716d8318da7cd8a049a1c7b480328?s=96&d=mm&r=g\",\"caption\":\"Valeria Catillo\"},\"sameAs\":[\"https:\/\/bigbangnow.com\/es\"]}]}<\/script>\n<!-- \/ Yoast SEO plugin. -->","yoast_head_json":{"title":"\u00a1Basta de discriminaci\u00f3n! La igualdad es un derecho universal","robots":{"index":"index","follow":"follow","max-snippet":"max-snippet:-1","max-image-preview":"max-image-preview:large","max-video-preview":"max-video-preview:-1"},"canonical":"https:\/\/bigbangnow.com\/es\/basta-de-discriminacion-la-igualdad-es-un-derecho-universal\/","og_locale":"es_ES","og_type":"article","og_title":"\u00a1Basta de discriminaci\u00f3n! La igualdad es un derecho universal","og_description":"\u00a1Basta de discriminaci\u00f3n! La igualdad es un derecho universal En nuestra sociedad moderna y progresista, nos enfrentamos a un desaf\u00edo a\u00fan persistente: la discriminaci\u00f3n. Si bien hemos logrado avances significativos en la lucha por la igualdad, todav\u00eda existen barreras que necesitamos derribar para construir un mundo m\u00e1s justo y equitativo. En este an\u00e1lisis, abordaremos la [&hellip;]","og_url":"https:\/\/bigbangnow.com\/es\/basta-de-discriminacion-la-igualdad-es-un-derecho-universal\/","og_site_name":"bigbangnow","article_published_time":"2023-06-23T18:10:16+00:00","og_image":[{"width":1100,"height":733,"url":"https:\/\/bigbangnow.com\/es\/wp-content\/uploads\/2023\/05\/0-267.jpg","type":"image\/jpeg"}],"author":"Valeria Catillo","twitter_card":"summary_large_image","twitter_misc":{"Escrito por":"Valeria Catillo","Tiempo de lectura":"3 minutos"},"schema":{"@context":"https:\/\/schema.org","@graph":[{"@type":"WebPage","@id":"https:\/\/bigbangnow.com\/es\/basta-de-discriminacion-la-igualdad-es-un-derecho-universal\/","url":"https:\/\/bigbangnow.com\/es\/basta-de-discriminacion-la-igualdad-es-un-derecho-universal\/","name":"\u00a1Basta de discriminaci\u00f3n! La igualdad es un derecho universal","isPartOf":{"@id":"https:\/\/bigbangnow.com\/es\/#website"},"primaryImageOfPage":{"@id":"https:\/\/bigbangnow.com\/es\/basta-de-discriminacion-la-igualdad-es-un-derecho-universal\/#primaryimage"},"image":{"@id":"https:\/\/bigbangnow.com\/es\/basta-de-discriminacion-la-igualdad-es-un-derecho-universal\/#primaryimage"},"thumbnailUrl":"https:\/\/bigbangnow.com\/es\/wp-content\/uploads\/2023\/05\/0-267.jpg","datePublished":"2023-06-23T18:10:16+00:00","dateModified":"2023-06-23T18:10:16+00:00","author":{"@id":"https:\/\/bigbangnow.com\/es\/#\/schema\/person\/5fee4dcacf1f99786f059ed390f57c65"},"inLanguage":"es","potentialAction":[{"@type":"ReadAction","target":["https:\/\/bigbangnow.com\/es\/basta-de-discriminacion-la-igualdad-es-un-derecho-universal\/"]}]},{"@type":"ImageObject","inLanguage":"es","@id":"https:\/\/bigbangnow.com\/es\/basta-de-discriminacion-la-igualdad-es-un-derecho-universal\/#primaryimage","url":"https:\/\/bigbangnow.com\/es\/wp-content\/uploads\/2023\/05\/0-267.jpg","contentUrl":"https:\/\/bigbangnow.com\/es\/wp-content\/uploads\/2023\/05\/0-267.jpg","width":1100,"height":733},{"@type":"WebSite","@id":"https:\/\/bigbangnow.com\/es\/#website","url":"https:\/\/bigbangnow.com\/es\/","name":"bigbangnow","description":"","potentialAction":[{"@type":"SearchAction","target":{"@type":"EntryPoint","urlTemplate":"https:\/\/bigbangnow.com\/es\/?s={search_term_string}"},"query-input":{"@type":"PropertyValueSpecification","valueRequired":true,"valueName":"search_term_string"}}],"inLanguage":"es"},{"@type":"Person","@id":"https:\/\/bigbangnow.com\/es\/#\/schema\/person\/5fee4dcacf1f99786f059ed390f57c65","name":"Valeria Catillo","image":{"@type":"ImageObject","inLanguage":"es","@id":"https:\/\/bigbangnow.com\/es\/#\/schema\/person\/image\/","url":"https:\/\/secure.gravatar.com\/avatar\/1b6716d8318da7cd8a049a1c7b480328?s=96&d=mm&r=g","contentUrl":"https:\/\/secure.gravatar.com\/avatar\/1b6716d8318da7cd8a049a1c7b480328?s=96&d=mm&r=g","caption":"Valeria Catillo"},"sameAs":["https:\/\/bigbangnow.com\/es"]}]}},"_links":{"self":[{"href":"https:\/\/bigbangnow.com\/es\/wp-json\/wp\/v2\/posts\/529"}],"collection":[{"href":"https:\/\/bigbangnow.com\/es\/wp-json\/wp\/v2\/posts"}],"about":[{"href":"https:\/\/bigbangnow.com\/es\/wp-json\/wp\/v2\/types\/post"}],"author":[{"embeddable":true,"href":"https:\/\/bigbangnow.com\/es\/wp-json\/wp\/v2\/users\/1"}],"replies":[{"embeddable":true,"href":"https:\/\/bigbangnow.com\/es\/wp-json\/wp\/v2\/comments?post=529"}],"version-history":[{"count":0,"href":"https:\/\/bigbangnow.com\/es\/wp-json\/wp\/v2\/posts\/529\/revisions"}],"wp:featuredmedia":[{"embeddable":true,"href":"https:\/\/bigbangnow.com\/es\/wp-json\/wp\/v2\/media\/530"}],"wp:attachment":[{"href":"https:\/\/bigbangnow.com\/es\/wp-json\/wp\/v2\/media?parent=529"}],"wp:term":[{"taxonomy":"category","embeddable":true,"href":"https:\/\/bigbangnow.com\/es\/wp-json\/wp\/v2\/categories?post=529"},{"taxonomy":"post_tag","embeddable":true,"href":"https:\/\/bigbangnow.com\/es\/wp-json\/wp\/v2\/tags?post=529"}],"curies":[{"name":"wp","href":"https:\/\/api.w.org\/{rel}","templated":true}]}}